{"id":3067,"date":"2020-04-20T11:24:05","date_gmt":"2020-04-20T09:24:05","guid":{"rendered":"https:\/\/mowomoevents.com\/yomequedoencasa\/?p=3067"},"modified":"2020-04-24T12:11:35","modified_gmt":"2020-04-24T10:11:35","slug":"semana-5-del-mowomo-camp-yomequedoencasa","status":"publish","type":"post","link":"https:\/\/mowomoevents.com\/yomequedoencasa\/semana-5-del-mowomo-camp-yomequedoencasa\/","title":{"rendered":"Semana 5 del mowomo camp #yomequedoencasa"},"content":{"rendered":"\n<p>Ya son cinco las semanas que llevamos ofreciendo formaci\u00f3n online y gratuita en nuestro <a rel=\"noreferrer noopener\" aria-label=\"canal de YouTube (se abre en una nueva pesta\u00f1a)\" href=\"https:\/\/www.youtube.com\/channel\/UC0GAJ04r3RPtA0UI6L9XaPg\" target=\"_blank\"><strong>canal de YouTube<\/strong><\/a> para intentar amenizar un poco esta cuarentena. <\/p>\n\n\n\n<figure class=\"wp-block-image size-large\"><img loading=\"lazy\" decoding=\"async\" width=\"1024\" height=\"538\" src=\"https:\/\/mowomoevents.com\/wp-content\/uploads\/sites\/2\/2020\/04\/Semana-5-mowomocamp-1024x538.png\" alt=\"Semana 5 del #mowomocamp #yomequedoencasa\" class=\"wp-image-3127\" srcset=\"https:\/\/mowomoevents.com\/wp-content\/uploads\/sites\/2\/2020\/04\/Semana-5-mowomocamp-1024x538.png 1024w, https:\/\/mowomoevents.com\/wp-content\/uploads\/sites\/2\/2020\/04\/Semana-5-mowomocamp-300x158.png 300w, https:\/\/mowomoevents.com\/wp-content\/uploads\/sites\/2\/2020\/04\/Semana-5-mowomocamp-150x79.png 150w, https:\/\/mowomoevents.com\/wp-content\/uploads\/sites\/2\/2020\/04\/Semana-5-mowomocamp-768x403.png 768w, https:\/\/mowomoevents.com\/wp-content\/uploads\/sites\/2\/2020\/04\/Semana-5-mowomocamp-825x433.png 825w, https:\/\/mowomoevents.com\/wp-content\/uploads\/sites\/2\/2020\/04\/Semana-5-mowomocamp.png 1200w\" sizes=\"(max-width: 1024px) 100vw, 1024px\" \/><\/figure>\n\n\n\n<p>\u00bfQu\u00e9 encontraremos esta semana en el <strong>mowomo camp #yomequedoencasa<\/strong>?<\/p>\n\n\n\n<h2 class=\"wp-block-heading\">Lunes 20 Abril<\/h2>\n\n\n\n<h3 class=\"wp-block-heading\">Turno de la ma\u00f1ana<\/h3>\n\n\n\n<figure class=\"wp-block-embed-youtube wp-block-embed is-type-video is-provider-youtube wp-embed-aspect-16-9 wp-has-aspect-ratio\"><div class=\"wp-block-embed__wrapper\">\n<iframe loading=\"lazy\" title=\"Juan Manuel Garrido - Crea un tema para WordPress con React (con Frontity)\" width=\"660\" height=\"371\" src=\"https:\/\/www.youtube.com\/embed\/IRtoPpgx7Vg?feature=oembed\" frameborder=\"0\" allow=\"accelerometer; autoplay; clipboard-write; encrypted-media; gyroscope; picture-in-picture; web-share\" referrerpolicy=\"strict-origin-when-cross-origin\" allowfullscreen><\/iframe>\n<\/div><\/figure>\n\n\n\n<p>\u00bfPor qu\u00e9 hacer un tema con React? \u00bfY qu\u00e9 beneficios tiene un tema hecho en <strong>React frente a un tema tradicional de PHP<\/strong>? <a href=\"https:\/\/mowomoevents.com\/yomequedoencasa\/ponente\/juan-manuel-garrido\/\"><strong>Juan Manuel Garrido<\/strong><\/a> nos mostrar\u00e1 c\u00f3mo poder utilizar Frontity para crear un tema con React para tu sitio WordPress.<\/p>\n\n\n\n<p>Lunes<strong> 20 de abril a las 12:30 h<\/strong> tendr\u00e1 lugar la ponencia <strong>\u00abCrea un tema para WordPress con React (con Frontity)\u00bb<\/strong>.<\/p>\n\n\n\n<h3 class=\"wp-block-heading\">Turno de la tarde<\/h3>\n\n\n\n<figure class=\"wp-block-embed-youtube wp-block-embed is-type-video is-provider-youtube wp-embed-aspect-16-9 wp-has-aspect-ratio\"><div class=\"wp-block-embed__wrapper\">\n<iframe loading=\"lazy\" title=\"DarioBF - Anatom\u00eda de un tema de WordPress\" width=\"660\" height=\"371\" src=\"https:\/\/www.youtube.com\/embed\/7Of4zfal800?feature=oembed\" frameborder=\"0\" allow=\"accelerometer; autoplay; clipboard-write; encrypted-media; gyroscope; picture-in-picture; web-share\" referrerpolicy=\"strict-origin-when-cross-origin\" allowfullscreen><\/iframe>\n<\/div><\/figure>\n\n\n\n<p>Es importante saber <strong>c\u00f3mo funciona el motor de plantillas de WordPress <\/strong>y qu\u00e9 tipos de ficheros podemos utilizar para modularizar y organizar. <\/p>\n\n\n\n<p>El <strong>lunes 20 de abril a las 18:00 h<\/strong> es el turno de <a href=\"https:\/\/mowomoevents.com\/yomequedoencasa\/ponente\/dario-bf\/\"><strong>Dar\u00edo BF<\/strong><\/a> y <strong>\u00abAnatom\u00eda de un tema de WordPress<\/strong>\u00ab.<\/p>\n\n\n\n<h2 class=\"wp-block-heading\">Martes 21 Abril<\/h2>\n\n\n\n<h3 class=\"wp-block-heading\">Turno de la ma\u00f1ana<\/h3>\n\n\n\n<figure class=\"wp-block-embed-youtube wp-block-embed is-type-video is-provider-youtube wp-embed-aspect-16-9 wp-has-aspect-ratio\"><div class=\"wp-block-embed__wrapper\">\n<iframe loading=\"lazy\" title=\"Adri\u00e1n Cobo - Te voy a escribir el tema (de WordPress) m\u00e1s sencillo del mundo\" width=\"660\" height=\"371\" src=\"https:\/\/www.youtube.com\/embed\/Rl2RIuVE6C0?feature=oembed\" frameborder=\"0\" allow=\"accelerometer; autoplay; clipboard-write; encrypted-media; gyroscope; picture-in-picture; web-share\" referrerpolicy=\"strict-origin-when-cross-origin\" allowfullscreen><\/iframe>\n<\/div><\/figure>\n\n\n\n<p>Vamos a ver <strong>qu\u00e9 elementos son esenciales para montar un tema<\/strong>, qu\u00e9 funciones son necesarias para que funcione bien y cu\u00e1les son las <strong>buenas pr\u00e1cticas<\/strong>.<\/p>\n\n\n\n<p>El <strong>martes 21 de abril a las 12:30 h<\/strong>, <strong><a href=\"https:\/\/mowomoevents.com\/yomequedoencasa\/ponente\/adrian-cobo\/\">Adri\u00e1n Cobo<\/a><\/strong> viene con su ponencia <strong>\u00abTe voy a escribir el tema (de WordPress) m\u00e1s sencillo del mundo\u00bb<\/strong>.<\/p>\n\n\n\n<h3 class=\"wp-block-heading\">Turno de la tarde<\/h3>\n\n\n\n<figure class=\"wp-block-embed-youtube wp-block-embed is-type-video is-provider-youtube wp-embed-aspect-16-9 wp-has-aspect-ratio\"><div class=\"wp-block-embed__wrapper\">\n<iframe loading=\"lazy\" title=\"Beatriz Lavela - Ampl\u00eda tu WordPress: aprende a usar los Custom Post Type\" width=\"660\" height=\"371\" src=\"https:\/\/www.youtube.com\/embed\/buNXD30kcwo?feature=oembed\" frameborder=\"0\" allow=\"accelerometer; autoplay; clipboard-write; encrypted-media; gyroscope; picture-in-picture; web-share\" referrerpolicy=\"strict-origin-when-cross-origin\" allowfullscreen><\/iframe>\n<\/div><\/figure>\n\n\n\n<p>Vamos a usar <strong>herramientas sencilla<\/strong>s que nos ayudar\u00e1n en el proceso, pero un m\u00ednimo de conocimientos de programaci\u00f3n os har\u00e1n falta\u2026 no hace falta ser un m\u00e1ster del PHP, basta con ser un valiente que se atreve a meter las patitas en el c\u00f3digo. <\/p>\n\n\n\n<p><strong>Martes 21 de abril a las 18:00 h <\/strong>aprenderemos con <a href=\"https:\/\/mowomoevents.com\/yomequedoencasa\/ponente\/beatriz-lavela-perez\/\"><strong>Beatriz Lavela<\/strong><\/a> con <strong>\u00abAmpl\u00eda tu WordPress: aprende a usar los Custom Post Type\u00bb<\/strong>.<\/p>\n\n\n\n<h2 class=\"wp-block-heading\">Mi\u00e9rcoles 22 Abril<\/h2>\n\n\n\n<h3 class=\"wp-block-heading\">Turno de la ma\u00f1ana<\/h3>\n\n\n\n<figure class=\"wp-block-embed-youtube wp-block-embed is-type-video is-provider-youtube wp-embed-aspect-16-9 wp-has-aspect-ratio\"><div class=\"wp-block-embed__wrapper\">\n<iframe loading=\"lazy\" title=\"Luis Miguel Climent - \u00bfMiedo a hablar en p\u00fablico? Claves del lenguaje verbal y no verbal\" width=\"660\" height=\"371\" src=\"https:\/\/www.youtube.com\/embed\/Vi1JK71G8nk?feature=oembed\" frameborder=\"0\" allow=\"accelerometer; autoplay; clipboard-write; encrypted-media; gyroscope; picture-in-picture; web-share\" referrerpolicy=\"strict-origin-when-cross-origin\" allowfullscreen><\/iframe>\n<\/div><\/figure>\n\n\n\n<p>\u00abDada mi experiencia teatral y pedag\u00f3gica de la actuaci\u00f3n, y mi conocimiento de la tecnolog\u00eda y de la Comunidad WordPress en particular, quiero dar algunos<strong> trucos y ejercicios que permitan una mayor seguridad y relajaci\u00f3n<\/strong>, por lo tanto un mayor control sobre lo que \u00abcuento\u00bb, y qu\u00e9 hace mi cuerpo mientras tanto\u00bb.<\/p>\n\n\n\n<p>El <strong>mi\u00e9rcoles 22 de abril a las 12:30 h<\/strong>, hablaremos sobre <strong>\u00ab\u00bfMiedo a hablar en p\u00fablico? Te doy algunos trucos\u00bb<\/strong> con <a href=\"https:\/\/mowomoevents.com\/yomequedoencasa\/ponente\/luis-miguel-climent\/\"><strong>Luis Miguel Climent<\/strong><\/a>.<\/p>\n\n\n\n<h2 class=\"wp-block-heading\">Jueves 23 Abril<\/h2>\n\n\n\n<h3 class=\"wp-block-heading\">Turno de la ma\u00f1ana<\/h3>\n\n\n\n<figure class=\"wp-block-embed-youtube wp-block-embed is-type-video is-provider-youtube wp-embed-aspect-16-9 wp-has-aspect-ratio\"><div class=\"wp-block-embed__wrapper\">\n<iframe loading=\"lazy\" title=\"Charlie Alonso - \u00bfQu\u00e9 es un DAM y c\u00f3mo puede ayudarte a trabajar en equipo?\" width=\"660\" height=\"371\" src=\"https:\/\/www.youtube.com\/embed\/mIRE6Mb40KE?feature=oembed\" frameborder=\"0\" allow=\"accelerometer; autoplay; clipboard-write; encrypted-media; gyroscope; picture-in-picture; web-share\" referrerpolicy=\"strict-origin-when-cross-origin\" allowfullscreen><\/iframe>\n<\/div><\/figure>\n\n\n\n<p>En este taller demostraci\u00f3n veremos las funcionalidades b\u00e1sicas de Resource Space, y de qu\u00e9 forma puedes utilizar una herramienta de gesti\u00f3n de activos digitales para crear bibliotecas multimedia, colecciones de contenidos o compartir documentos y activos con equipos de trabajo o clientes. <\/p>\n\n\n\n<p>El <strong>jueves 23 de abril a las 12:30 h<\/strong>, <a href=\"https:\/\/mowomoevents.com\/yomequedoencasa\/ponente\/charlie-alonso\/\"><strong>Charlie Alonso<\/strong><\/a> responder\u00e1 a <strong>\u00ab\u00bfQu\u00e9 es un DAM y c\u00f3mo puede ayudarte a trabajar en equipo?\u00bb<\/strong>.<\/p>\n\n\n\n<h3 class=\"wp-block-heading\">Turno de la tarde<\/h3>\n\n\n\n<figure class=\"wp-block-embed-youtube wp-block-embed is-type-video is-provider-youtube wp-embed-aspect-16-9 wp-has-aspect-ratio\"><div class=\"wp-block-embed__wrapper\">\n<iframe loading=\"lazy\" title=\"JuanKa D\u00edaz - \u00a1Optimiza tu WordPress para que vuele! Primeros pasos WPO Web Performance Optimization\" width=\"660\" height=\"371\" src=\"https:\/\/www.youtube.com\/embed\/SQ9qvmOcWAk?feature=oembed\" frameborder=\"0\" allow=\"accelerometer; autoplay; clipboard-write; encrypted-media; gyroscope; picture-in-picture; web-share\" referrerpolicy=\"strict-origin-when-cross-origin\" allowfullscreen><\/iframe>\n<\/div><\/figure>\n\n\n\n<p>En esta charla presentada por <strong><a href=\"https:\/\/mowomoevents.com\/yomequedoencasa\/ponente\/juanka-diaz\/\">JuanKa D\u00edaz<\/a><\/strong> veremos los principios b\u00e1sicos del<strong> WPO<\/strong> (Web Perfomance Optimization) y como de forma gradual poder <strong>aplicarlo a nuestras webs desarrolladas en WordPress<\/strong>.<\/p>\n\n\n\n<p>El <strong>jueves 23 de abril a las 18:00 h<\/strong> es el turno de <strong>\u00ab\u00a1Optimiza tu WordPress para que vuele! Primeros pasos en WPO (Web Performance Optimization)\u00bb<\/strong>.<\/p>\n\n\n\n<h2 class=\"wp-block-heading\">Viernes 24 Abril<\/h2>\n\n\n\n<p>El <strong>viernes 24 de abril a las 18:00 h<\/strong> toca la <strong>quinta mesa redonda<\/strong> del mowomo camp #yomequedoencasa.<\/p>\n\n\n\n<figure class=\"wp-block-embed-youtube wp-block-embed is-type-video is-provider-youtube wp-embed-aspect-16-9 wp-has-aspect-ratio\"><div class=\"wp-block-embed__wrapper\">\n<iframe loading=\"lazy\" title=\"Mesa redonda #5 - Software libre: Herramientas recomendadas.\" width=\"660\" height=\"371\" src=\"https:\/\/www.youtube.com\/embed\/Et1-2xp3KbE?feature=oembed\" frameborder=\"0\" allow=\"accelerometer; autoplay; clipboard-write; encrypted-media; gyroscope; picture-in-picture; web-share\" referrerpolicy=\"strict-origin-when-cross-origin\" allowfullscreen><\/iframe>\n<\/div><\/figure>\n\n\n\n<p>En esta ocasi\u00f3n hablaremos de <strong>\u00abSoftware libre: Herramientas recomendadas\u00bb<\/strong> junto a <strong><a href=\"https:\/\/mowomoevents.com\/yomequedoencasa\/ponente\/jesus-amieiro\/\">Jes\u00fas Amieiro<\/a><\/strong>, <a href=\"https:\/\/mowomoevents.com\/yomequedoencasa\/ponente\/jose-conti\/\"><strong>Jos\u00e9 Conti<\/strong><\/a>, <strong><a href=\"https:\/\/mowomoevents.com\/yomequedoencasa\/ponente\/paco-marchante\/\">Paco Marchante<\/a><\/strong> y <strong><a href=\"https:\/\/mowomoevents.com\/yomequedoencasa\/ponente\/yordan-soares\/\">Yordan Soares<\/a><\/strong>, y con nuestro compa\u00f1ero <strong><a href=\"https:\/\/mowomoevents.com\/yomequedoencasa\/ponente\/victor-saenz\/\">V\u00edctor S\u00e1enz<\/a><\/strong> como moderador.<\/p>\n","protected":false},"excerpt":{"rendered":"<p>La quinta semana del mowomo camp #yomequedoencasa ya est\u00e1 aqu\u00ed. Te presentamos las charlas y talleres confirmados.<\/p>\n","protected":false},"author":2,"featured_media":2980,"comment_status":"closed","ping_status":"closed","sticky":false,"template":"","format":"standard","meta":{"footnotes":""},"categories":[8],"tags":[],"yoast_head":"<!-- This site is optimized with the Yoast SEO plugin v22.7 - https:\/\/yoast.com\/wordpress\/plugins\/seo\/ -->\n<title>Semana 5 del mowomo camp #yomequedoencasa - #yomequedoencasa<\/title>\n<meta name=\"description\" content=\"Te presentamos los 8 talleres y ponencias confirmadas para la quinta semana del mowomocamp #yomequedoencasa. WordPress, privacidad, DAM...\" \/>\n<meta name=\"robots\" content=\"index, follow, max-snippet:-1, max-image-preview:large, max-video-preview:-1\" \/>\n<link rel=\"canonical\" href=\"https:\/\/mowomoevents.com\/yomequedoencasa\/semana-5-del-mowomo-camp-yomequedoencasa\/\" \/>\n<meta property=\"og:locale\" content=\"es_ES\" \/>\n<meta property=\"og:type\" content=\"article\" \/>\n<meta property=\"og:title\" content=\"Semana 5 del mowomo camp #yomequedoencasa - #yomequedoencasa\" \/>\n<meta property=\"og:description\" content=\"Te presentamos los 8 talleres y ponencias confirmadas para la quinta semana del mowomocamp #yomequedoencasa. WordPress, privacidad, DAM...\" \/>\n<meta property=\"og:url\" content=\"https:\/\/mowomoevents.com\/yomequedoencasa\/semana-5-del-mowomo-camp-yomequedoencasa\/\" \/>\n<meta property=\"og:site_name\" content=\"#yomequedoencasa\" \/>\n<meta property=\"article:published_time\" content=\"2020-04-20T09:24:05+00:00\" \/>\n<meta property=\"article:modified_time\" content=\"2020-04-24T10:11:35+00:00\" \/>\n<meta property=\"og:image\" content=\"https:\/\/mowomoevents.com\/wp-content\/uploads\/sites\/2\/2020\/04\/semana5-mowomocamp.png\" \/>\n\t<meta property=\"og:image:width\" content=\"825\" \/>\n\t<meta property=\"og:image:height\" content=\"400\" \/>\n\t<meta property=\"og:image:type\" content=\"image\/png\" \/>\n<meta name=\"author\" content=\"mantenimiento\" \/>\n<meta name=\"twitter:card\" content=\"summary_large_image\" \/>\n<meta name=\"twitter:label1\" content=\"Escrito por\" \/>\n\t<meta name=\"twitter:data1\" content=\"mantenimiento\" \/>\n\t<meta name=\"twitter:label2\" content=\"Tiempo de lectura\" \/>\n\t<meta name=\"twitter:data2\" content=\"3 minutos\" \/>\n<script type=\"application\/ld+json\" class=\"yoast-schema-graph\">{\"@context\":\"https:\/\/schema.org\",\"@graph\":[{\"@type\":\"Article\",\"@id\":\"https:\/\/mowomoevents.com\/yomequedoencasa\/semana-5-del-mowomo-camp-yomequedoencasa\/#article\",\"isPartOf\":{\"@id\":\"https:\/\/mowomoevents.com\/yomequedoencasa\/semana-5-del-mowomo-camp-yomequedoencasa\/\"},\"author\":{\"name\":\"mantenimiento\",\"@id\":\"https:\/\/mowomoevents.com\/yomequedoencasa\/#\/schema\/person\/b927fc32e154711be9ed8f5b76b18a70\"},\"headline\":\"Semana 5 del mowomo camp #yomequedoencasa\",\"datePublished\":\"2020-04-20T09:24:05+00:00\",\"dateModified\":\"2020-04-24T10:11:35+00:00\",\"mainEntityOfPage\":{\"@id\":\"https:\/\/mowomoevents.com\/yomequedoencasa\/semana-5-del-mowomo-camp-yomequedoencasa\/\"},\"wordCount\":638,\"publisher\":{\"@id\":\"https:\/\/mowomoevents.com\/yomequedoencasa\/#organization\"},\"image\":{\"@id\":\"https:\/\/mowomoevents.com\/yomequedoencasa\/semana-5-del-mowomo-camp-yomequedoencasa\/#primaryimage\"},\"thumbnailUrl\":\"https:\/\/mowomoevents.com\/wp-content\/uploads\/sites\/2\/2020\/04\/semana5-mowomocamp.png\",\"articleSection\":[\"Ponentes\"],\"inLanguage\":\"es\"},{\"@type\":\"WebPage\",\"@id\":\"https:\/\/mowomoevents.com\/yomequedoencasa\/semana-5-del-mowomo-camp-yomequedoencasa\/\",\"url\":\"https:\/\/mowomoevents.com\/yomequedoencasa\/semana-5-del-mowomo-camp-yomequedoencasa\/\",\"name\":\"Semana 5 del mowomo camp #yomequedoencasa - #yomequedoencasa\",\"isPartOf\":{\"@id\":\"https:\/\/mowomoevents.com\/yomequedoencasa\/#website\"},\"primaryImageOfPage\":{\"@id\":\"https:\/\/mowomoevents.com\/yomequedoencasa\/semana-5-del-mowomo-camp-yomequedoencasa\/#primaryimage\"},\"image\":{\"@id\":\"https:\/\/mowomoevents.com\/yomequedoencasa\/semana-5-del-mowomo-camp-yomequedoencasa\/#primaryimage\"},\"thumbnailUrl\":\"https:\/\/mowomoevents.com\/wp-content\/uploads\/sites\/2\/2020\/04\/semana5-mowomocamp.png\",\"datePublished\":\"2020-04-20T09:24:05+00:00\",\"dateModified\":\"2020-04-24T10:11:35+00:00\",\"description\":\"Te presentamos los 8 talleres y ponencias confirmadas para la quinta semana del mowomocamp #yomequedoencasa. WordPress, privacidad, DAM...\",\"breadcrumb\":{\"@id\":\"https:\/\/mowomoevents.com\/yomequedoencasa\/semana-5-del-mowomo-camp-yomequedoencasa\/#breadcrumb\"},\"inLanguage\":\"es\",\"potentialAction\":[{\"@type\":\"ReadAction\",\"target\":[\"https:\/\/mowomoevents.com\/yomequedoencasa\/semana-5-del-mowomo-camp-yomequedoencasa\/\"]}]},{\"@type\":\"ImageObject\",\"inLanguage\":\"es\",\"@id\":\"https:\/\/mowomoevents.com\/yomequedoencasa\/semana-5-del-mowomo-camp-yomequedoencasa\/#primaryimage\",\"url\":\"https:\/\/mowomoevents.com\/wp-content\/uploads\/sites\/2\/2020\/04\/semana5-mowomocamp.png\",\"contentUrl\":\"https:\/\/mowomoevents.com\/wp-content\/uploads\/sites\/2\/2020\/04\/semana5-mowomocamp.png\",\"width\":825,\"height\":400,\"caption\":\"Semana 5 del mowomo camp #yomequedoencasa\"},{\"@type\":\"BreadcrumbList\",\"@id\":\"https:\/\/mowomoevents.com\/yomequedoencasa\/semana-5-del-mowomo-camp-yomequedoencasa\/#breadcrumb\",\"itemListElement\":[{\"@type\":\"ListItem\",\"position\":1,\"name\":\"Portada\",\"item\":\"https:\/\/mowomoevents.com\/yomequedoencasa\/\"},{\"@type\":\"ListItem\",\"position\":2,\"name\":\"Semana 5 del mowomo camp #yomequedoencasa\"}]},{\"@type\":\"WebSite\",\"@id\":\"https:\/\/mowomoevents.com\/yomequedoencasa\/#website\",\"url\":\"https:\/\/mowomoevents.com\/yomequedoencasa\/\",\"name\":\"#yomequedoencasa\",\"description\":\"Evento tecnol\u00f3gico ONLINE que tendr\u00e1 lugar del 23\/03\/2020 al 05\/05\/2020\",\"publisher\":{\"@id\":\"https:\/\/mowomoevents.com\/yomequedoencasa\/#organization\"},\"potentialAction\":[{\"@type\":\"SearchAction\",\"target\":{\"@type\":\"EntryPoint\",\"urlTemplate\":\"https:\/\/mowomoevents.com\/yomequedoencasa\/?s={search_term_string}\"},\"query-input\":\"required name=search_term_string\"}],\"inLanguage\":\"es\"},{\"@type\":\"Organization\",\"@id\":\"https:\/\/mowomoevents.com\/yomequedoencasa\/#organization\",\"name\":\"#yomequedoencasa\",\"url\":\"https:\/\/mowomoevents.com\/yomequedoencasa\/\",\"logo\":{\"@type\":\"ImageObject\",\"inLanguage\":\"es\",\"@id\":\"https:\/\/mowomoevents.com\/yomequedoencasa\/#\/schema\/logo\/image\/\",\"url\":\"https:\/\/mowomoevents.com\/wp-content\/uploads\/sites\/2\/2020\/03\/cropped-mowomo-event-yo-me-quedo-en-casa.png\",\"contentUrl\":\"https:\/\/mowomoevents.com\/wp-content\/uploads\/sites\/2\/2020\/03\/cropped-mowomo-event-yo-me-quedo-en-casa.png\",\"width\":248,\"height\":101,\"caption\":\"#yomequedoencasa\"},\"image\":{\"@id\":\"https:\/\/mowomoevents.com\/yomequedoencasa\/#\/schema\/logo\/image\/\"}},{\"@type\":\"Person\",\"@id\":\"https:\/\/mowomoevents.com\/yomequedoencasa\/#\/schema\/person\/b927fc32e154711be9ed8f5b76b18a70\",\"name\":\"mantenimiento\",\"image\":{\"@type\":\"ImageObject\",\"inLanguage\":\"es\",\"@id\":\"https:\/\/mowomoevents.com\/yomequedoencasa\/#\/schema\/person\/image\/\",\"url\":\"https:\/\/secure.gravatar.com\/avatar\/06084aa1b8010d0319e3eb3142152839?s=96&d=mm&r=g\",\"contentUrl\":\"https:\/\/secure.gravatar.com\/avatar\/06084aa1b8010d0319e3eb3142152839?s=96&d=mm&r=g\",\"caption\":\"mantenimiento\"},\"url\":\"https:\/\/mowomoevents.com\/yomequedoencasa\/author\/mantenimiento\/\"}]}<\/script>\n<!-- \/ Yoast SEO plugin. -->","yoast_head_json":{"title":"Semana 5 del mowomo camp #yomequedoencasa - #yomequedoencasa","description":"Te presentamos los 8 talleres y ponencias confirmadas para la quinta semana del mowomocamp #yomequedoencasa. WordPress, privacidad, DAM...","robots":{"index":"index","follow":"follow","max-snippet":"max-snippet:-1","max-image-preview":"max-image-preview:large","max-video-preview":"max-video-preview:-1"},"canonical":"https:\/\/mowomoevents.com\/yomequedoencasa\/semana-5-del-mowomo-camp-yomequedoencasa\/","og_locale":"es_ES","og_type":"article","og_title":"Semana 5 del mowomo camp #yomequedoencasa - #yomequedoencasa","og_description":"Te presentamos los 8 talleres y ponencias confirmadas para la quinta semana del mowomocamp #yomequedoencasa. WordPress, privacidad, DAM...","og_url":"https:\/\/mowomoevents.com\/yomequedoencasa\/semana-5-del-mowomo-camp-yomequedoencasa\/","og_site_name":"#yomequedoencasa","article_published_time":"2020-04-20T09:24:05+00:00","article_modified_time":"2020-04-24T10:11:35+00:00","og_image":[{"width":825,"height":400,"url":"https:\/\/mowomoevents.com\/wp-content\/uploads\/sites\/2\/2020\/04\/semana5-mowomocamp.png","type":"image\/png"}],"author":"mantenimiento","twitter_card":"summary_large_image","twitter_misc":{"Escrito por":"mantenimiento","Tiempo de lectura":"3 minutos"},"schema":{"@context":"https:\/\/schema.org","@graph":[{"@type":"Article","@id":"https:\/\/mowomoevents.com\/yomequedoencasa\/semana-5-del-mowomo-camp-yomequedoencasa\/#article","isPartOf":{"@id":"https:\/\/mowomoevents.com\/yomequedoencasa\/semana-5-del-mowomo-camp-yomequedoencasa\/"},"author":{"name":"mantenimiento","@id":"https:\/\/mowomoevents.com\/yomequedoencasa\/#\/schema\/person\/b927fc32e154711be9ed8f5b76b18a70"},"headline":"Semana 5 del mowomo camp #yomequedoencasa","datePublished":"2020-04-20T09:24:05+00:00","dateModified":"2020-04-24T10:11:35+00:00","mainEntityOfPage":{"@id":"https:\/\/mowomoevents.com\/yomequedoencasa\/semana-5-del-mowomo-camp-yomequedoencasa\/"},"wordCount":638,"publisher":{"@id":"https:\/\/mowomoevents.com\/yomequedoencasa\/#organization"},"image":{"@id":"https:\/\/mowomoevents.com\/yomequedoencasa\/semana-5-del-mowomo-camp-yomequedoencasa\/#primaryimage"},"thumbnailUrl":"https:\/\/mowomoevents.com\/wp-content\/uploads\/sites\/2\/2020\/04\/semana5-mowomocamp.png","articleSection":["Ponentes"],"inLanguage":"es"},{"@type":"WebPage","@id":"https:\/\/mowomoevents.com\/yomequedoencasa\/semana-5-del-mowomo-camp-yomequedoencasa\/","url":"https:\/\/mowomoevents.com\/yomequedoencasa\/semana-5-del-mowomo-camp-yomequedoencasa\/","name":"Semana 5 del mowomo camp #yomequedoencasa - #yomequedoencasa","isPartOf":{"@id":"https:\/\/mowomoevents.com\/yomequedoencasa\/#website"},"primaryImageOfPage":{"@id":"https:\/\/mowomoevents.com\/yomequedoencasa\/semana-5-del-mowomo-camp-yomequedoencasa\/#primaryimage"},"image":{"@id":"https:\/\/mowomoevents.com\/yomequedoencasa\/semana-5-del-mowomo-camp-yomequedoencasa\/#primaryimage"},"thumbnailUrl":"https:\/\/mowomoevents.com\/wp-content\/uploads\/sites\/2\/2020\/04\/semana5-mowomocamp.png","datePublished":"2020-04-20T09:24:05+00:00","dateModified":"2020-04-24T10:11:35+00:00","description":"Te presentamos los 8 talleres y ponencias confirmadas para la quinta semana del mowomocamp #yomequedoencasa. WordPress, privacidad, DAM...","breadcrumb":{"@id":"https:\/\/mowomoevents.com\/yomequedoencasa\/semana-5-del-mowomo-camp-yomequedoencasa\/#breadcrumb"},"inLanguage":"es","potentialAction":[{"@type":"ReadAction","target":["https:\/\/mowomoevents.com\/yomequedoencasa\/semana-5-del-mowomo-camp-yomequedoencasa\/"]}]},{"@type":"ImageObject","inLanguage":"es","@id":"https:\/\/mowomoevents.com\/yomequedoencasa\/semana-5-del-mowomo-camp-yomequedoencasa\/#primaryimage","url":"https:\/\/mowomoevents.com\/wp-content\/uploads\/sites\/2\/2020\/04\/semana5-mowomocamp.png","contentUrl":"https:\/\/mowomoevents.com\/wp-content\/uploads\/sites\/2\/2020\/04\/semana5-mowomocamp.png","width":825,"height":400,"caption":"Semana 5 del mowomo camp #yomequedoencasa"},{"@type":"BreadcrumbList","@id":"https:\/\/mowomoevents.com\/yomequedoencasa\/semana-5-del-mowomo-camp-yomequedoencasa\/#breadcrumb","itemListElement":[{"@type":"ListItem","position":1,"name":"Portada","item":"https:\/\/mowomoevents.com\/yomequedoencasa\/"},{"@type":"ListItem","position":2,"name":"Semana 5 del mowomo camp #yomequedoencasa"}]},{"@type":"WebSite","@id":"https:\/\/mowomoevents.com\/yomequedoencasa\/#website","url":"https:\/\/mowomoevents.com\/yomequedoencasa\/","name":"#yomequedoencasa","description":"Evento tecnol\u00f3gico ONLINE que tendr\u00e1 lugar del 23\/03\/2020 al 05\/05\/2020","publisher":{"@id":"https:\/\/mowomoevents.com\/yomequedoencasa\/#organization"},"potentialAction":[{"@type":"SearchAction","target":{"@type":"EntryPoint","urlTemplate":"https:\/\/mowomoevents.com\/yomequedoencasa\/?s={search_term_string}"},"query-input":"required name=search_term_string"}],"inLanguage":"es"},{"@type":"Organization","@id":"https:\/\/mowomoevents.com\/yomequedoencasa\/#organization","name":"#yomequedoencasa","url":"https:\/\/mowomoevents.com\/yomequedoencasa\/","logo":{"@type":"ImageObject","inLanguage":"es","@id":"https:\/\/mowomoevents.com\/yomequedoencasa\/#\/schema\/logo\/image\/","url":"https:\/\/mowomoevents.com\/wp-content\/uploads\/sites\/2\/2020\/03\/cropped-mowomo-event-yo-me-quedo-en-casa.png","contentUrl":"https:\/\/mowomoevents.com\/wp-content\/uploads\/sites\/2\/2020\/03\/cropped-mowomo-event-yo-me-quedo-en-casa.png","width":248,"height":101,"caption":"#yomequedoencasa"},"image":{"@id":"https:\/\/mowomoevents.com\/yomequedoencasa\/#\/schema\/logo\/image\/"}},{"@type":"Person","@id":"https:\/\/mowomoevents.com\/yomequedoencasa\/#\/schema\/person\/b927fc32e154711be9ed8f5b76b18a70","name":"mantenimiento","image":{"@type":"ImageObject","inLanguage":"es","@id":"https:\/\/mowomoevents.com\/yomequedoencasa\/#\/schema\/person\/image\/","url":"https:\/\/secure.gravatar.com\/avatar\/06084aa1b8010d0319e3eb3142152839?s=96&d=mm&r=g","contentUrl":"https:\/\/secure.gravatar.com\/avatar\/06084aa1b8010d0319e3eb3142152839?s=96&d=mm&r=g","caption":"mantenimiento"},"url":"https:\/\/mowomoevents.com\/yomequedoencasa\/author\/mantenimiento\/"}]}},"_links":{"self":[{"href":"https:\/\/mowomoevents.com\/yomequedoencasa\/wp-json\/wp\/v2\/posts\/3067"}],"collection":[{"href":"https:\/\/mowomoevents.com\/yomequedoencasa\/wp-json\/wp\/v2\/posts"}],"about":[{"href":"https:\/\/mowomoevents.com\/yomequedoencasa\/wp-json\/wp\/v2\/types\/post"}],"author":[{"embeddable":true,"href":"https:\/\/mowomoevents.com\/yomequedoencasa\/wp-json\/wp\/v2\/users\/2"}],"replies":[{"embeddable":true,"href":"https:\/\/mowomoevents.com\/yomequedoencasa\/wp-json\/wp\/v2\/comments?post=3067"}],"version-history":[{"count":5,"href":"https:\/\/mowomoevents.com\/yomequedoencasa\/wp-json\/wp\/v2\/posts\/3067\/revisions"}],"predecessor-version":[{"id":3136,"href":"https:\/\/mowomoevents.com\/yomequedoencasa\/wp-json\/wp\/v2\/posts\/3067\/revisions\/3136"}],"wp:featuredmedia":[{"embeddable":true,"href":"https:\/\/mowomoevents.com\/yomequedoencasa\/wp-json\/wp\/v2\/media\/2980"}],"wp:attachment":[{"href":"https:\/\/mowomoevents.com\/yomequedoencasa\/wp-json\/wp\/v2\/media?parent=3067"}],"wp:term":[{"taxonomy":"category","embeddable":true,"href":"https:\/\/mowomoevents.com\/yomequedoencasa\/wp-json\/wp\/v2\/categories?post=3067"},{"taxonomy":"post_tag","embeddable":true,"href":"https:\/\/mowomoevents.com\/yomequedoencasa\/wp-json\/wp\/v2\/tags?post=3067"}],"curies":[{"name":"wp","href":"https:\/\/api.w.org\/{rel}","templated":true}]}}